{"id":869,"__str__":"Emenda Aditiva n\u00ba 7 de 2021 | Proposi\u00e7\u00e3o inclusa na Ordem do Dia | 21/12/2021","link_detail_backend":"/materia/tramitacao/869","metadata":{},"timestamp":"2022-05-04T17:47:28.875926-03:00","data_tramitacao":"2021-12-21","data_encaminhamento":"2021-12-21","urgente":false,"turno":"U","texto":"Para aprecia\u00e7\u00e3o \u00fanica.","data_fim_prazo":"2021-12-21","ip":"186.249.178.125","ultima_edicao":"2022-05-04T17:47:28.541128-03:00","status":44,"materia":601,"unidade_tramitacao_local":2,"unidade_tramitacao_destino":4,"user":2}