{"id":7070,"__str__":"Projeto de Lei Complementar - Executivo n\u00ba 5 de 2021 | Proposi\u00e7\u00e3o inclusa na Ordem do Dia 2\u00ba Discuss\u00e3o | 21/12/2021","link_detail_backend":"/materia/tramitacao/7070","metadata":{},"timestamp":"2024-08-09T10:21:22.492853-03:00","data_tramitacao":"2021-12-21","data_encaminhamento":"2021-12-21","urgente":false,"turno":"","texto":"Para segunda discuss\u00e3o e aprecia\u00e7\u00e3o \u00fanica.","data_fim_prazo":null,"ip":"189.127.34.100","ultima_edicao":"2024-08-09T10:21:01.335886-03:00","status":43,"materia":554,"unidade_tramitacao_local":5,"unidade_tramitacao_destino":4,"user":2}