{"id":5461,"__str__":"Requerimento n\u00ba 21 de 2023 | Aguardando a inclus\u00e3o na ordem do dia | 16/11/2023","link_detail_backend":"/materia/tramitacao/5461","metadata":{},"timestamp":"2024-03-18T09:02:02.087956-03:00","data_tramitacao":"2023-11-16","data_encaminhamento":"2023-11-16","urgente":false,"turno":"","texto":"\u00c0 considera\u00e7\u00e3o do Presidente.","data_fim_prazo":null,"ip":"189.127.47.104","ultima_edicao":"2024-03-18T09:01:45.008483-03:00","status":4,"materia":1297,"unidade_tramitacao_local":2,"unidade_tramitacao_destino":5,"user":2}