{"id":4471,"__str__":"Mo\u00e7\u00e3o de Pesar n\u00ba 48 de 2023 | Proposi\u00e7\u00e3o inclusa na Ordem do Dia | 21/09/2023","link_detail_backend":"/materia/tramitacao/4471","metadata":{},"timestamp":"2023-10-28T12:20:36.634266-03:00","data_tramitacao":"2023-09-21","data_encaminhamento":"2023-09-21","urgente":false,"turno":"U","texto":"Para aprecia\u00e7\u00e3o \u00fanica.","data_fim_prazo":null,"ip":"189.127.47.104","ultima_edicao":"2023-10-28T12:20:36.364408-03:00","status":44,"materia":1252,"unidade_tramitacao_local":5,"unidade_tramitacao_destino":4,"user":2}