{"id":4104,"__str__":"Projeto de Lei Complementar - Executivo n\u00ba 11 de 2023 | Aguardando a inclus\u00e3o na ordem do dia | 23/08/2023","link_detail_backend":"/materia/tramitacao/4104","metadata":{},"timestamp":"2023-08-31T15:40:25.080819-03:00","data_tramitacao":"2023-08-23","data_encaminhamento":"2023-08-23","urgente":true,"turno":"","texto":"\u00c0 considera\u00e7\u00e3o do Presidente.","data_fim_prazo":null,"ip":"128.201.121.234","ultima_edicao":"2023-08-31T15:40:24.801350-03:00","status":4,"materia":1194,"unidade_tramitacao_local":2,"unidade_tramitacao_destino":5,"user":2}