{"id":4090,"__str__":"Projeto de Lei - Legislativo n\u00ba 15 de 2023 | Proposi\u00e7\u00e3o inclusa na Ordem do Dia | 24/08/2023","link_detail_backend":"/materia/tramitacao/4090","metadata":{},"timestamp":"2023-08-31T14:57:41.790985-03:00","data_tramitacao":"2023-08-24","data_encaminhamento":"2023-08-24","urgente":false,"turno":"U","texto":"Parecer favor\u00e1vel da Comiss\u00e3o de Justi\u00e7a e Reda\u00e7\u00e3o. Para segunda discuss\u00e3o e aprecia\u00e7\u00e3o \u00fanica.","data_fim_prazo":null,"ip":"128.201.121.234","ultima_edicao":"2023-08-31T14:57:17.920157-03:00","status":44,"materia":1182,"unidade_tramitacao_local":5,"unidade_tramitacao_destino":4,"user":2}