{"id":336,"__str__":"Mo\u00e7\u00e3o de Pesar n\u00ba 43 de 2021 | Proposi\u00e7\u00e3o inclusa na Ordem do Dia | 02/09/2021","link_detail_backend":"/materia/tramitacao/336","metadata":{},"timestamp":"2021-10-16T18:03:39.981264-03:00","data_tramitacao":"2021-09-02","data_encaminhamento":"2021-09-02","urgente":false,"turno":"U","texto":"Para aprecia\u00e7\u00e3o \u00fanica.","data_fim_prazo":"2021-09-02","ip":"186.249.178.125","ultima_edicao":"2021-10-16T18:03:39.933438-03:00","status":44,"materia":346,"unidade_tramitacao_local":2,"unidade_tramitacao_destino":4,"user":2}