{"id":3232,"__str__":"Mo\u00e7\u00e3o de Pesar n\u00ba 14 de 2023 | Proposi\u00e7\u00e3o inclusa na Ordem do Dia | 09/03/2023","link_detail_backend":"/materia/tramitacao/3232","metadata":{},"timestamp":"2023-03-30T23:48:55.630678-03:00","data_tramitacao":"2023-03-09","data_encaminhamento":"2023-03-09","urgente":false,"turno":"U","texto":"Para aprecia\u00e7\u00e3o \u00fanica","data_fim_prazo":null,"ip":"189.127.33.39","ultima_edicao":"2023-03-30T23:48:21.804733-03:00","status":44,"materia":1012,"unidade_tramitacao_local":4,"unidade_tramitacao_destino":4,"user":2}