{"id":3213,"__str__":"Mo\u00e7\u00e3o de Congratula\u00e7\u00e3o n\u00ba 5 de 2023 | Aguardando a inclus\u00e3o na ordem do dia | 09/03/2023","link_detail_backend":"/materia/tramitacao/3213","metadata":{},"timestamp":"2023-03-30T23:04:26.843242-03:00","data_tramitacao":"2023-03-09","data_encaminhamento":"2023-03-09","urgente":false,"turno":"","texto":"\u00c0 considera\u00e7\u00e3o do Presidente.","data_fim_prazo":null,"ip":"189.127.33.39","ultima_edicao":"2023-03-30T23:04:26.639304-03:00","status":4,"materia":993,"unidade_tramitacao_local":2,"unidade_tramitacao_destino":5,"user":2}