{"id":3013,"__str__":"Mo\u00e7\u00e3o de Congratula\u00e7\u00e3o n\u00ba 3 de 2023 | Proposi\u00e7\u00e3o inclusa na Ordem do Dia | 02/03/2023","link_detail_backend":"/materia/tramitacao/3013","metadata":{},"timestamp":"2023-03-06T16:16:09.601012-03:00","data_tramitacao":"2023-03-02","data_encaminhamento":"2023-03-02","urgente":false,"turno":"U","texto":"Para aprecia\u00e7\u00e3o \u00fanica.","data_fim_prazo":null,"ip":"177.200.88.252","ultima_edicao":"2023-03-06T16:16:09.397867-03:00","status":44,"materia":971,"unidade_tramitacao_local":5,"unidade_tramitacao_destino":4,"user":2}