{"id":2945,"__str__":"Projeto de Resolu\u00e7\u00e3o n\u00ba 2 de 2023 | Proposi\u00e7\u00e3o inclusa na Ordem do Dia 2\u00ba Discuss\u00e3o | 16/02/2023","link_detail_backend":"/materia/tramitacao/2945","metadata":{},"timestamp":"2023-03-04T11:09:03.408532-03:00","data_tramitacao":"2023-02-16","data_encaminhamento":"2023-02-16","urgente":false,"turno":"U","texto":"Proposi\u00e7\u00e3o inclusa para segunda discuss\u00e3o e aprecia\u00e7\u00e3o \u00fanica.","data_fim_prazo":null,"ip":"189.127.47.104","ultima_edicao":"2023-03-04T11:08:39.033487-03:00","status":43,"materia":931,"unidade_tramitacao_local":5,"unidade_tramitacao_destino":4,"user":2}