{"id":2929,"__str__":"Projeto de Lei - Executivo n\u00ba 2 de 2023 | Proposi\u00e7\u00e3o inclusa na Ordem do Dia | 16/02/2023","link_detail_backend":"/materia/tramitacao/2929","metadata":{},"timestamp":"2023-03-04T10:09:26.420300-03:00","data_tramitacao":"2023-02-16","data_encaminhamento":"2023-02-16","urgente":true,"turno":"A","texto":"Parecer favor\u00e1vel da Comiss\u00e3o de Justi\u00e7a e Reda\u00e7\u00e3o. Para aprecia\u00e7\u00e3o \u00fanica em regime de urg\u00eancia.","data_fim_prazo":null,"ip":"189.127.47.104","ultima_edicao":"2023-03-04T10:08:42.720108-03:00","status":44,"materia":930,"unidade_tramitacao_local":5,"unidade_tramitacao_destino":4,"user":2}