{"id":2701,"__str__":"Mo\u00e7\u00e3o de Pesar n\u00ba 5 de 2023 | Aguardando a inclus\u00e3o na ordem do dia | 02/02/2023","link_detail_backend":"/materia/tramitacao/2701","metadata":{},"timestamp":"2023-02-09T08:24:02.924806-03:00","data_tramitacao":"2023-02-02","data_encaminhamento":"2023-02-02","urgente":false,"turno":"","texto":"\u00c0 considera\u00e7\u00e3o do Presidente.","data_fim_prazo":null,"ip":"177.55.248.119","ultima_edicao":"2023-02-09T08:24:00.647598-03:00","status":4,"materia":909,"unidade_tramitacao_local":2,"unidade_tramitacao_destino":5,"user":2}