{"id":2137,"__str__":"Indica\u00e7\u00e3o n\u00ba 172 de 2022 | Proposi\u00e7\u00e3o inclusa na Ordem do Dia | 21/09/2022","link_detail_backend":"/materia/tramitacao/2137","metadata":{},"timestamp":"2022-09-29T15:50:02.463471-03:00","data_tramitacao":"2022-09-21","data_encaminhamento":"2022-09-21","urgente":false,"turno":"U","texto":"Para aprecia\u00e7\u00e3o \u00fanica.","data_fim_prazo":null,"ip":"189.127.47.104","ultima_edicao":"2022-09-29T15:50:02.433043-03:00","status":44,"materia":801,"unidade_tramitacao_local":2,"unidade_tramitacao_destino":4,"user":2}