{"id":2110,"__str__":"Projeto de Lei - Legislativo n\u00ba 21 de 2022 | Proposi\u00e7\u00e3o inclusa na Ordem do Dia 2\u00ba Discuss\u00e3o | 08/09/2022","link_detail_backend":"/materia/tramitacao/2110","metadata":{},"timestamp":"2022-09-29T14:16:55.070721-03:00","data_tramitacao":"2022-09-08","data_encaminhamento":"2022-09-08","urgente":false,"turno":"U","texto":"Parecer favor\u00e1vel da Comiss\u00e3o de Justi\u00e7a e Reda\u00e7\u00e3o. Para segunda discuss\u00e3o e aprecia\u00e7\u00e3o \u00fanica.","data_fim_prazo":null,"ip":"189.127.47.104","ultima_edicao":"2022-09-29T14:17:02.579691-03:00","status":43,"materia":764,"unidade_tramitacao_local":5,"unidade_tramitacao_destino":4,"user":2}