{"id":2023,"__str__":"Indica\u00e7\u00e3o n\u00ba 161 de 2022 | Proposi\u00e7\u00e3o inclusa na Ordem do Dia | 01/09/2022","link_detail_backend":"/materia/tramitacao/2023","metadata":{},"timestamp":"2022-09-28T16:59:16.303172-03:00","data_tramitacao":"2022-09-01","data_encaminhamento":"2022-09-01","urgente":false,"turno":"U","texto":"Para aprecia\u00e7\u00e3o \u00fanica.","data_fim_prazo":null,"ip":"189.127.47.104","ultima_edicao":"2022-09-28T16:59:15.525429-03:00","status":44,"materia":778,"unidade_tramitacao_local":2,"unidade_tramitacao_destino":4,"user":2}