{"id":1077,"__str__":"Mo\u00e7\u00e3o de Pesar n\u00ba 6 de 2022 | Proposi\u00e7\u00e3o inclusa na Ordem do Dia | 17/02/2022","link_detail_backend":"/materia/tramitacao/1077","metadata":{},"timestamp":"2022-05-30T10:36:32.860439-03:00","data_tramitacao":"2022-02-17","data_encaminhamento":"2022-02-17","urgente":false,"turno":"U","texto":"Para apresenta\u00e7\u00e3o \u00fanica.","data_fim_prazo":null,"ip":"186.249.178.125","ultima_edicao":"2022-05-30T10:36:32.829898-03:00","status":44,"materia":507,"unidade_tramitacao_local":2,"unidade_tramitacao_destino":4,"user":2}