{"id":10006,"__str__":"Projeto de Lei - Executivo n\u00ba 21 de 2025 | Proposi\u00e7\u00e3o inclusa na Ordem do Dia | 14/08/2025","link_detail_backend":"/materia/tramitacao/10006","metadata":{},"timestamp":"2025-09-02T09:59:12.401059-03:00","data_tramitacao":"2025-08-14","data_encaminhamento":"2025-08-14","urgente":false,"turno":"","texto":"Parecer favor\u00e1vel da Comiss\u00e3o de Constitui\u00e7\u00e3o, Justi\u00e7a e Reda\u00e7\u00e3o, da Comiss\u00e3o de Or\u00e7amento e Finan\u00e7as P\u00fablicas e da Comiss\u00e3o de Educa\u00e7\u00e3o, Sa\u00fade, Seguridade Social, Obras e Servi\u00e7os P\u00fablicos. Para aprecia\u00e7\u00e3o \u00fanica.","data_fim_prazo":null,"ip":"189.127.44.118","ultima_edicao":"2025-09-02T09:57:25.544839-03:00","status":44,"materia":1855,"unidade_tramitacao_local":5,"unidade_tramitacao_destino":4,"user":2}