{"id":900,"__str__":"Indica\u00e7\u00e3o n\u00ba 223 de 2022","link_detail_backend":"/materia/900","metadata":{},"numero":223,"ano":2022,"numero_protocolo":null,"data_apresentacao":"2022-12-08","tipo_apresentacao":"E","data_publicacao":null,"numero_origem_externa":"","ano_origem_externa":null,"data_origem_externa":null,"apelido":"","dias_prazo":null,"data_fim_prazo":null,"em_tramitacao":false,"polemica":false,"objeto":"","complementar":false,"ementa":"Indica ao Chefe do Poder Executivo que seja feita reforma e amplia\u00e7\u00e3o do Cemit\u00e9rio da Comunidade de Melancias de Cima.","indexacao":"","observacao":"","resultado":"","texto_original":null,"data_ultima_atualizacao":"2023-01-11T13:17:57.147646-03:00","ip":"189.127.47.126","ultima_edicao":"2023-01-09T22:35:35.429637-03:00","tipo":8,"regime_tramitacao":1,"tipo_origem_externa":null,"local_origem_externa":null,"user":2,"anexadas":[],"autores":[9]}