{"id":899,"__str__":"Indica\u00e7\u00e3o n\u00ba 222 de 2022","link_detail_backend":"/materia/899","metadata":{},"numero":222,"ano":2022,"numero_protocolo":null,"data_apresentacao":"2022-12-08","tipo_apresentacao":"E","data_publicacao":null,"numero_origem_externa":"","ano_origem_externa":null,"data_origem_externa":null,"apelido":"","dias_prazo":null,"data_fim_prazo":null,"em_tramitacao":false,"polemica":false,"objeto":"","complementar":false,"ementa":"Indica ao Chefe do Poder Executivo que seja institu\u00eddo em Icapu\u00ed o Centro de Refer\u00eancia para Pessoas com Transtorno do Espectro Autista com o intuito de contribuir com desenvolvimento humano atrav\u00e9s de a\u00e7\u00f5es de preven\u00e7\u00e3o, assist\u00eancia e reabilita\u00e7\u00e3o com aten\u00e7\u00e3o \u00e0 sa\u00fade da m\u00e3e e da crian\u00e7a.","indexacao":"","observacao":"","resultado":"","texto_original":null,"data_ultima_atualizacao":"2023-01-11T13:17:57.064106-03:00","ip":"189.127.47.126","ultima_edicao":"2023-01-09T22:35:03.960253-03:00","tipo":8,"regime_tramitacao":1,"tipo_origem_externa":null,"local_origem_externa":null,"user":2,"anexadas":[],"autores":[6]}